{"id":474,"date":"2018-06-28T18:44:11","date_gmt":"2018-06-28T16:44:11","guid":{"rendered":"http:\/\/www.ofpa.net\/?p=474"},"modified":"2018-07-04T12:56:21","modified_gmt":"2018-07-04T10:56:21","slug":"visite-de-travail-de-lanacib-a-lofpa","status":"publish","type":"post","link":"http:\/\/www.ofpa.net\/fr\/2018\/06\/28\/visite-de-travail-de-lanacib-a-lofpa\/","title":{"rendered":"Visite de travail de l&rsquo;ANACIB \u00e0 l&rsquo;OFPA"},"content":{"rendered":"<p>L\u2019Association des Administrateurs Civils du B\u00e9nin (ANACIB) s\u2019est rendue au si\u00e8ge de l\u2019Observatoire des Fonctions Publiques Africaines (OFPA) le vendredi 22 juin 2018. Elle a \u00e9t\u00e9 re\u00e7ue par le Secr\u00e9taire Ex\u00e9cutif de l\u2019OFPA Monsieur Pollobom Prosper KAMBIRE. La d\u00e9l\u00e9gation de l\u2019ANACIB \u00e9tait compos\u00e9e des responsables suivants\u00a0:<\/p>\n<p><strong>1 &#8211; LALEYE Aur\u00e9lien, Pr\u00e9sident<\/strong><\/p>\n<p><strong>2 &#8211; GBLOTCHAOU F. T\u00e9kpon, Vice Pr\u00e9sident<\/strong><\/p>\n<p><strong>3 &#8211; BIAOU O. Judica\u00ebl, Secr\u00e9taire G\u00e9n\u00e9ral<\/strong><\/p>\n<p><strong>4 &#8211; LOGBETODE Crespin, Responsable \u00e0 l\u2019organisation<\/strong><\/p>\n<p><strong>5 &#8211; HOUNGNIBO T. Herbert, Responsable \u00e0 l\u2019information<\/strong><\/p>\n<p>Apr\u00e8s les civilit\u00e9s d\u2019usage et les pr\u00e9sentations, Monsieur LALEYE, Pr\u00e9sident de l\u2019Association a pris la parole pour situer l\u2019objectif de leur d\u00e9marche qui vise \u00e0 tisser, entre autres, des liens de collaboration avec l\u2019Observatoire des Fonctions Publiques Africaines qui de son avis poursuit les m\u00eames objectifs que son Association. Il a notamment fait le point de la formation dont l\u2019Association a b\u00e9n\u00e9fici\u00e9 aupr\u00e8s de la Chambre administrative de la Cour Supr\u00eame cons\u00e9cutivement \u00e0 la publication de la circulaire du Ministre du B\u00e9nin charg\u00e9 du Travail et de la Fonction Publique du B\u00e9nin qui rappelle les possibilit\u00e9s dont dispose le Gouvernement d\u2019engager des actions r\u00e9cursoires contre tous les agents publics impliqu\u00e9s dans les contentieux de l\u2019Etat.<\/p>\n<p>Il a aussi exprim\u00e9 le souhait de l\u2019Association d\u2019\u00eatre impliqu\u00e9e dans les activit\u00e9s comm\u00e9moratives de la Journ\u00e9e Africaine de la Fonction publique et celles li\u00e9es aux formations organis\u00e9es au profit des personnels et des structures de l\u2019Administration publique.<\/p>\n<p>Il a enfin exprim\u00e9 son d\u00e9sir de r\u00e9aliser avec la collaboration \u00e9ventuelle de l\u2019OFPA, un r\u00e9seau des Associations d\u2019Administrateurs Civils des pays du Conseil de l\u2019Entente, une plaquette pour rendre l\u2019Association plus visible, l\u2019organisation de sessions de formation des formateurs afin d\u2019encadrer les agents des structures centrales, d\u00e9concentr\u00e9es et d\u00e9centralis\u00e9es sur le respect des textes en vigueur au sein des administrations publiques.<\/p>\n<p>A la fin de son intervention, les autres membres du Bureau de l\u2019Association qui l\u2019accompagnent ont pris tour \u00e0 tour la parole pour pr\u00e9ciser ou d\u00e9velopper les vues exprim\u00e9es par le Pr\u00e9sident.<\/p>\n<p>A son tour, le Secr\u00e9taire Ex\u00e9cutif a f\u00e9licit\u00e9 l\u2019association pour sa d\u00e9marche, en reconnaissant la pertinence de ses projets et en donnant des informations utiles sur l\u2019organisation de la Journ\u00e9e Africaine de la Fonction publique. Il a exprim\u00e9 la disponibilit\u00e9 de l\u2019OFPA \u00e0 les accompagner autant que faire se peut dans la r\u00e9alisation de leurs objectifs.<\/p>\n<p>La d\u00e9l\u00e9gation a pris cong\u00e9 en promettant d\u2019affiner ses id\u00e9es et programmes avant de reprendre contact avec l\u2019OFPA dans la perspective d\u2019une collaboration effective.<\/p>\n<p>La d\u00e9l\u00e9gation a re\u00e7u\u00a0copie de la nouvelle plateforme d\u2019inscription des Experts de l\u2019OFPA.<\/p>\n","protected":false},"excerpt":{"rendered":"<p>L\u2019Association des Administrateurs Civils du B\u00e9nin (ANACIB) s\u2019est rendue au si\u00e8ge de l\u2019Observatoire des Fonctions Publiques Africaines (OFPA) le vendredi 22 juin 2018. Elle a \u00e9t\u00e9 re\u00e7ue par le Secr\u00e9taire&#8230; <a class=\"read-more-button\" href=\"http:\/\/www.ofpa.net\/fr\/2018\/06\/28\/visite-de-travail-de-lanacib-a-lofpa\/\">Savoir plus &gt;<\/a><\/p>\n","protected":false},"author":5,"featured_media":475,"comment_status":"closed","ping_status":"closed","sticky":false,"template":"","format":"standard","meta":[],"categories":[1],"tags":[],"_links":{"self":[{"href":"http:\/\/www.ofpa.net\/fr\/wp-json\/wp\/v2\/posts\/474"}],"collection":[{"href":"http:\/\/www.ofpa.net\/fr\/wp-json\/wp\/v2\/posts"}],"about":[{"href":"http:\/\/www.ofpa.net\/fr\/wp-json\/wp\/v2\/types\/post"}],"author":[{"embeddable":true,"href":"http:\/\/www.ofpa.net\/fr\/wp-json\/wp\/v2\/users\/5"}],"replies":[{"embeddable":true,"href":"http:\/\/www.ofpa.net\/fr\/wp-json\/wp\/v2\/comments?post=474"}],"version-history":[{"count":1,"href":"http:\/\/www.ofpa.net\/fr\/wp-json\/wp\/v2\/posts\/474\/revisions"}],"predecessor-version":[{"id":476,"href":"http:\/\/www.ofpa.net\/fr\/wp-json\/wp\/v2\/posts\/474\/revisions\/476"}],"wp:featuredmedia":[{"embeddable":true,"href":"http:\/\/www.ofpa.net\/fr\/wp-json\/wp\/v2\/media\/475"}],"wp:attachment":[{"href":"http:\/\/www.ofpa.net\/fr\/wp-json\/wp\/v2\/media?parent=474"}],"wp:term":[{"taxonomy":"category","embeddable":true,"href":"http:\/\/www.ofpa.net\/fr\/wp-json\/wp\/v2\/categories?post=474"},{"taxonomy":"post_tag","embeddable":true,"href":"http:\/\/www.ofpa.net\/fr\/wp-json\/wp\/v2\/tags?post=474"}],"curies":[{"name":"wp","href":"https:\/\/api.w.org\/{rel}","templated":true}]}}